{"id":1002,"date":"2024-04-12T07:40:53","date_gmt":"2024-04-12T05:40:53","guid":{"rendered":"https:\/\/www.lan-wan-telecom.de\/?p=1002"},"modified":"2024-04-12T07:40:53","modified_gmt":"2024-04-12T05:40:53","slug":"veroeffentlichung-des-reports-und-bekanntgabe-von-partnerschaften-waehrend-der-cyber-security-conference-by-schwarz","status":"publish","type":"post","link":"https:\/\/www.lan-wan-telecom.de\/index.php\/2024\/04\/12\/veroeffentlichung-des-reports-und-bekanntgabe-von-partnerschaften-waehrend-der-cyber-security-conference-by-schwarz\/","title":{"rendered":"Ver\u00f6ffentlichung des Reports und Bekanntgabe von Partnerschaften w\u00e4hrend der Cyber Security Conference by Schwarz"},"content":{"rendered":"<p>Im April kamen bei der Cyber Security Conference by Schwarz 120 Unternehmenslenker und renommierte Experten aus Wirtschaft, Politik, Medien und dem \u00f6ffentlichen Sektor in Heilbronn zusammen, um gemeinsam Strategien f\u00fcr eine der gr\u00f6\u00dften Herausforderungen f\u00fcr die Sicherheit in Deutschland zu entwickeln: Cyberkriminelle verursachten 206 Milliarden Euro an gesch\u00e4tzten Gesamtsch\u00e4den im Jahr 2023. Im Vergleich dazu betrugen die Sch\u00e4den durch Naturkatastrophen 230 Milliarden Euro. Geopolitische Verwerfungen und die rasanten Entwicklungen bei k\u00fcnstlicher Intelligenz f\u00fchrten zu einem weiteren Anstieg von Cyberangriffen. Angreifer gelangen beispielsweise durch Sicherheitsl\u00fccken in Kommunikationsmitteln an Firmengeheimnisse oder sensible Daten, die sie f\u00fcr weitere Angriffe nutzen k\u00f6nnen.<\/p>\n<p>K\u00fcnstliche Intelligenz versch\u00e4rft diese Bedrohung, weil sie beispielsweise Deepfakes deutlich verbessert und damit neue M\u00f6glichkeiten schafft, gestohlene Identit\u00e4ten f\u00fcr Cyberangriffe oder gezielte Desinformation zu nutzen.\u00a0\u201eDie Kommunikation mit Instantmessengern ist l\u00e4ngst Teil unseres Arbeitsalltags geworden\u201c, so Dr. Volker Wissing, Bundesminister f\u00fcr Digitales und Verkehr bei der Cyber Security Conference. \u201eDabei m\u00fcssen sich Unternehmen und Organisationen der \u00f6ffentlichen Hand, aber auch jeder B\u00fcrger bewusst machen, dass ungesicherte Kommunikation ein gro\u00dfes Risiko f\u00fcr unsere Gesellschaft darstellt. Um Kommunikation umfassender zu sch\u00fctzen, werden wir ein Recht auf Ende-zu-Ende-Verschl\u00fcsselung in Messenger-Diensten gesetzlich verankern.\u201c<\/p>\n<h4>Cyber Security Conference und Report betonen Wichtigkeit von digitaler Souver\u00e4nit\u00e4t<\/h4>\n<p>An der Konferenz nahmen neben Dr. Volker Wissing auch Kanzleramtschef Wolfgang Schmidt, die Pr\u00e4sidentin des BSI Claudia Plattner sowie der Unternehmer und ehemalige ukrainische Box-Weltmeister Dr. Wladimir Klitschko teil.\u00a0\u201eCybersabotage, Erpressung und Desinformation sind nicht erst seit dem russischen Angriffskrieg gegen die Ukraine allgegenw\u00e4rtig\u201c, so Dr. Wladimir Klitschko. \u201eDie freie Welt muss sich dieser Entwicklung vehement entgegenstellen. Events wie die Cyber Security Conference by Schwarz sind ein wichtiges Format, um die Aufmerksamkeit zu erh\u00f6hen und zu zeigen, wie kritisch die Lage tats\u00e4chlich ist.\u201c<\/p>\n<p>Weltweit ist jedes zehnte Unternehmen von Ransomware-Angriffen betroffen, die H\u00e4lfte der weltweiten DDoS-Angriffe steht im Kontext des Russland-Ukraine-Konflikts. Dazu geh\u00f6rten auch IT-\u00dcberlastungsangriffe auf deutsche Infrastruktur, wie Flugh\u00e4fen und Beh\u00f6rden. Der im Rahmen der Konferenz ver\u00f6ffentlichte Cyber Security Report von Schwarz Digits stellt die aktuelle Lage anschaulich und verst\u00e4ndlich dar und gibt konkrete Handlungsempfehlungen.\u00a0Neben den steigenden Herausforderungen durch den Einsatz k\u00fcnstlicher Intelligenz beleuchtet der diesj\u00e4hrige Report die Auswirkungen des Fachkr\u00e4ftemangels im Bereich Cybersicherheit sowie die psychischen Folgen eines Cyberangriffs.<\/p>\n<h4>Einzigartige Sicherheitsstandards durch gemeinsame L\u00f6sung mit Wire<\/h4>\n<p>\u201eSichere, zuverl\u00e4ssige und benutzerfreundliche Kommunikation ist unverzichtbar f\u00fcr jedes erfolgreiche Unternehmen\u201c, betont Christian M\u00fcller, Co-CEO von Schwarz Digits, der IT- und Digitalsparte der Schwarz Gruppe. \u201eWir sind deshalb sehr gl\u00fccklich, mit Wire einen Partner gefunden zu haben, der einzigartige und zertifizierte Sicherheitsstandards bietet, ohne Kompromisse bei der Funktionalit\u00e4t.\u201c<\/p>\n<p>Wire erm\u00f6glicht eine Ende-zu-Ende-Verschl\u00fcsselung aller Daten direkt auf dem Endger\u00e4t und basiert auf dem weltweit ersten offenen Protokoll f\u00fcr Ende-zu-Ende verschl\u00fcsselte Echtzeitkommunikation (\u201eMessaging Layer Security\u201c), welches das Unternehmen ma\u00dfgeblich mitentwickelt hat.<\/p>\n<p>Au\u00dferdem ist Wire DSGVO-konform und unterst\u00fctzt Unternehmen dabei, NIS2-Vorgaben zu erf\u00fcllen. \u201eWire ist der einzige Messenger mit einer Freigabeempfehlung f\u00fcr die Kommunikation von \u201aVerschlusssachen \u2013 Nur f\u00fcr den Dienstgebrauch\u2018 durch das Bundesamt f\u00fcr Sicherheit in der Informationstechnik (BSI)\u201c, erg\u00e4nzt Rolf Schumann, Co-CEO von Schwarz Digits. \u201eDas Herzst\u00fcck der wirtschaftlichen Wertsch\u00f6pfung in Europa ist die Innovationskraft und das technische Knowhow. Wir d\u00fcrfen diesen Vorsprung nicht aus der Hand geben, indem wir unsere Kommunikation \u00fcber unsichere Kan\u00e4le laufen lassen.\u201c<\/p>\n<h4>Partnerschaft mit Vision eines digital unabh\u00e4ngigen und sicheren Europas<\/h4>\n<p>Schwarz Digits und Wire gehen k\u00fcnftig gemeinsame Wege: Die IT- und Digitalsparte der Schwarz Gruppe plant eine Beteiligung an dem Kommunikationsdienstleister. \u201e\u201c, so Juan Perea Rodr\u00edguez, General Manager und Chief Commercial Officer von Wire. \u201eMit der strategischen Partnerschaft bringen wir unsere technische Expertise und unsere Erfahrung mit anspruchsvollen Kunden mit dem gro\u00dfen Netzwerk, den hohen Sicherheitsstandards und der Cloud-Power von Schwarz Digits zusammen. Wir freuen uns au\u00dferdem sehr, die Unternehmen der Schwarz Gruppe selbst als Wire Kunden gewonnen zu haben und tragen so ganz praktisch zu Sicherheit und Souver\u00e4nit\u00e4t bei.\u201c Die beiden Unternehmen arbeiten au\u00dferdem an einem gemeinsamen Service: Wire on STACKIT wird ein neues, attraktives Produkt, das die Anforderungen an Datenschutz und Datensouver\u00e4nit\u00e4t neu definiert.<\/p>\n<p>Gemeinsam integrierte Sicherheitsl\u00f6sung von ServiceNow und XM Cyber<\/p>\n<p>Im Rahmen der Cyber Security Conference by Schwarz k\u00fcndigten die Co-CEOs von Schwarz Digits, Christian M\u00fcller und Rolf Schumann, au\u00dferdem eine strategische Partnerschaft zwischen XM Cyber und ServiceNow an. Im Zentrum steht die Integration der beiden Sicherheitsl\u00f6sungen und IT-SecOperations Werkzeuge. \u201eXM Cyber und das SecOps von ServiceNow erg\u00e4nzen sich perfekt. Die Zusammenarbeit kombiniert die permanente Erkennung und Priorisierung von Schwachstellen mit den richtigen Werkzeugen zur Behebung und setzt neue Ma\u00dfst\u00e4be f\u00fcr die Sicherheit und die Entlastung von Cyber Defence Teams\u201c, so Christian M\u00fcller.<\/p>\n","protected":false},"excerpt":{"rendered":"<p>Im April kamen bei der Cyber Security Conference by Schwarz 120 Unternehmenslenker und renommierte Experten aus Wirtschaft, Politik, Medien und dem \u00f6ffentlichen Sektor in Heilbronn zusammen, um gemeinsam Strategien f\u00fcr eine der gr\u00f6\u00dften Herausforderungen f\u00fcr die Sicherheit in Deutschland zu entwickeln: Cyberkriminelle verursachten 206 Milliarden Euro an gesch\u00e4tzten Gesamtsch\u00e4den im Jahr 2023. Im Vergleich dazu [&hellip;]<\/p>\n","protected":false},"author":1,"featured_media":0,"comment_status":"closed","ping_status":"closed","sticky":false,"template":"","format":"standard","meta":{"footnotes":""},"categories":[1],"tags":[],"class_list":["post-1002","post","type-post","status-publish","format-standard","hentry","category-allgemein"],"_links":{"self":[{"href":"https:\/\/www.lan-wan-telecom.de\/index.php\/wp-json\/wp\/v2\/posts\/1002","targetHints":{"allow":["GET"]}}],"collection":[{"href":"https:\/\/www.lan-wan-telecom.de\/index.php\/wp-json\/wp\/v2\/posts"}],"about":[{"href":"https:\/\/www.lan-wan-telecom.de\/index.php\/wp-json\/wp\/v2\/types\/post"}],"author":[{"embeddable":true,"href":"https:\/\/www.lan-wan-telecom.de\/index.php\/wp-json\/wp\/v2\/users\/1"}],"replies":[{"embeddable":true,"href":"https:\/\/www.lan-wan-telecom.de\/index.php\/wp-json\/wp\/v2\/comments?post=1002"}],"version-history":[{"count":1,"href":"https:\/\/www.lan-wan-telecom.de\/index.php\/wp-json\/wp\/v2\/posts\/1002\/revisions"}],"predecessor-version":[{"id":1003,"href":"https:\/\/www.lan-wan-telecom.de\/index.php\/wp-json\/wp\/v2\/posts\/1002\/revisions\/1003"}],"wp:attachment":[{"href":"https:\/\/www.lan-wan-telecom.de\/index.php\/wp-json\/wp\/v2\/media?parent=1002"}],"wp:term":[{"taxonomy":"category","embeddable":true,"href":"https:\/\/www.lan-wan-telecom.de\/index.php\/wp-json\/wp\/v2\/categories?post=1002"},{"taxonomy":"post_tag","embeddable":true,"href":"https:\/\/www.lan-wan-telecom.de\/index.php\/wp-json\/wp\/v2\/tags?post=1002"}],"curies":[{"name":"wp","href":"https:\/\/api.w.org\/{rel}","templated":true}]}}