{"id":1060,"date":"2024-05-28T15:46:17","date_gmt":"2024-05-28T13:46:17","guid":{"rendered":"https:\/\/www.lan-wan-telecom.de\/?p=1060"},"modified":"2024-05-28T15:46:17","modified_gmt":"2024-05-28T13:46:17","slug":"dr-christian-loefert-wird-neuer-marketing-chef-von-t-systems","status":"publish","type":"post","link":"https:\/\/www.lan-wan-telecom.de\/index.php\/2024\/05\/28\/dr-christian-loefert-wird-neuer-marketing-chef-von-t-systems\/","title":{"rendered":"Dr. Christian Loefert wird neuer Marketing-Chef von T-Systems"},"content":{"rendered":"<p>Dr. Christian Loefert wird zum 1. September 2024 neuer Marketing-Chef der Telekom-Gro\u00dfkundensparte T-Systems. Aktuell ist er f\u00fcr die Marketingkommunikation und Mobilfunk-Endger\u00e4te bei der Telekom Deutschland verantwortlich. Er tritt die Nachfolge von Jussi Wacklin an, der auf eigenen Wunsch das Unternehmen verl\u00e4sst. In seiner neuen Funktion berichtet Loefert an Urs M. Kr\u00e4mer, Gesch\u00e4ftsf\u00fchrer Commercial T-Systems.\u00a0Jussi Wacklin, seit 2022 f\u00fcr das Marketing von T-Systems verantwortlich, verl\u00e4sst das Unternehmen zum 31. Mai 2024 auf eigenen Wunsch. \u201eIch danke Jussi f\u00fcr die geleistete Arbeit in den vergangenen zwei Jahren und w\u00fcnsche ihm f\u00fcr die berufliche und private Zukunft alles Gute\u201c, sagt Urs M. Kr\u00e4mer.<\/p>\n<h4>Top-Marketing-Manager mit \u201eMagenta im Blut\u201c<\/h4>\n<figure id=\"attachment_1061\" aria-describedby=\"caption-attachment-1061\" style=\"width: 225px\" class=\"wp-caption alignleft\"><img loading=\"lazy\" decoding=\"async\" class=\"size-full wp-image-1061\" src=\"https:\/\/www.lan-wan-telecom.de\/wp-content\/uploads\/2024\/05\/Christian-Loefert-De-Dirk-Grandrath.jpg\" alt=\"\" width=\"225\" height=\"150\" \/><figcaption id=\"caption-attachment-1061\" class=\"wp-caption-text\">Dr. Christian Loefert wird neuer Marketing-Chef von T-Systems<\/figcaption><\/figure>\n<p>Die Verantwortung f\u00fcr das globale Marketing von T-Systems \u00fcbernimmt zum 1. September Christian Loefert. \u201eChristian hat bei der Telekom Deutschland ausgezeichnete Arbeit geleistet. Umso mehr freut es mich, dass wir ihn f\u00fcr T-Systems gewinnen konnten. Er ist ein erfahrener Top-Marketing-Manager mit Magenta im Blut. Dar\u00fcber hinaus hat er umfangreiche Erfahrung in der Vertriebs- und Gesch\u00e4ftssteuerung. Ich bin \u00fcberzeugt, dass unsere Marketingaktivit\u00e4ten und unser Gesch\u00e4ft von seiner ganzheitlichen Kundensicht profitieren werden\u201c, betont Kr\u00e4mer.\u00a0Loefert freut sich auf seinen Start beim ICT-Dienstleister: \u201eT-Systems hat sich in den vergangenen Jahren erfolgreich gewandelt und ist zur\u00fcck auf dem Wachstumspfad\u201c, sagt er. \u201eEs reizt mich sehr, das Management-Team um Ferri Abolhassan dabei zu unterst\u00fctzen, diesen Trend durch ein erfolgreiches Marketing zu verstetigen \u2013 und das in einem internationalen Umfeld aus \u00fcber 20 M\u00e4rkten.\u201c<\/p>\n<h4>Loefert ist seit 2008 bei der Telekom<\/h4>\n<p>Loefert ist bereits seit 2008 im Telekom-Konzern: Zun\u00e4chst \u00fcbernahm der promovierte Wirtschaftswissenschaftler den Bereich Strategie, Expansion und Projekte bei der Telekom Shop Vertriebsgesellschaft. Anschlie\u00dfend leitete er das Franchisenetz der Telekom mit rund 200 Filialen. Danach war er f\u00fcr das Channel Management und Business Steering im Privatkundensegment der Telekom Deutschland verantwortlich, bevor er dort 2019 Marketing-Chef wurde.\u00a0In dieser Zeit steuerte er das Wachstum des Privatkundenvertriebs \u00fcber alle Produkte hinweg, spielte eine Schl\u00fcsselrolle bei der erfolgreichen organisatorischen Transformation im Privatkundensegment und entwickelte preisgekr\u00f6nte Werbekampagnen. Bevor er zur Deutschen Telekom kam, war Loefert als Unternehmensberater f\u00fcr McKinsey t\u00e4tig und leitete zwei Jahre die Unternehmensentwicklung der Heinrich Heine GmbH.<\/p>\n","protected":false},"excerpt":{"rendered":"<p>Dr. Christian Loefert wird zum 1. September 2024 neuer Marketing-Chef der Telekom-Gro\u00dfkundensparte T-Systems. Aktuell ist er f\u00fcr die Marketingkommunikation und Mobilfunk-Endger\u00e4te bei der Telekom Deutschland verantwortlich. Er tritt die Nachfolge von Jussi Wacklin an, der auf eigenen Wunsch das Unternehmen verl\u00e4sst. In seiner neuen Funktion berichtet Loefert an Urs M. Kr\u00e4mer, Gesch\u00e4ftsf\u00fchrer Commercial T-Systems.\u00a0Jussi Wacklin, [&hellip;]<\/p>\n","protected":false},"author":1,"featured_media":0,"comment_status":"closed","ping_status":"closed","sticky":false,"template":"","format":"standard","meta":{"footnotes":""},"categories":[6],"tags":[],"class_list":["post-1060","post","type-post","status-publish","format-standard","hentry","category-firmen-news"],"_links":{"self":[{"href":"https:\/\/www.lan-wan-telecom.de\/index.php\/wp-json\/wp\/v2\/posts\/1060","targetHints":{"allow":["GET"]}}],"collection":[{"href":"https:\/\/www.lan-wan-telecom.de\/index.php\/wp-json\/wp\/v2\/posts"}],"about":[{"href":"https:\/\/www.lan-wan-telecom.de\/index.php\/wp-json\/wp\/v2\/types\/post"}],"author":[{"embeddable":true,"href":"https:\/\/www.lan-wan-telecom.de\/index.php\/wp-json\/wp\/v2\/users\/1"}],"replies":[{"embeddable":true,"href":"https:\/\/www.lan-wan-telecom.de\/index.php\/wp-json\/wp\/v2\/comments?post=1060"}],"version-history":[{"count":1,"href":"https:\/\/www.lan-wan-telecom.de\/index.php\/wp-json\/wp\/v2\/posts\/1060\/revisions"}],"predecessor-version":[{"id":1062,"href":"https:\/\/www.lan-wan-telecom.de\/index.php\/wp-json\/wp\/v2\/posts\/1060\/revisions\/1062"}],"wp:attachment":[{"href":"https:\/\/www.lan-wan-telecom.de\/index.php\/wp-json\/wp\/v2\/media?parent=1060"}],"wp:term":[{"taxonomy":"category","embeddable":true,"href":"https:\/\/www.lan-wan-telecom.de\/index.php\/wp-json\/wp\/v2\/categories?post=1060"},{"taxonomy":"post_tag","embeddable":true,"href":"https:\/\/www.lan-wan-telecom.de\/index.php\/wp-json\/wp\/v2\/tags?post=1060"}],"curies":[{"name":"wp","href":"https:\/\/api.w.org\/{rel}","templated":true}]}}