{"id":1362,"date":"2024-12-11T14:56:38","date_gmt":"2024-12-11T13:56:38","guid":{"rendered":"https:\/\/www.lan-wan-telecom.de\/?p=1362"},"modified":"2024-12-11T14:56:54","modified_gmt":"2024-12-11T13:56:54","slug":"1362","status":"publish","type":"post","link":"https:\/\/www.lan-wan-telecom.de\/index.php\/2024\/12\/11\/1362\/","title":{"rendered":"MIG bewilligt F\u00f6rderung f\u00fcr einen Mobilfunkmast in Schleswig-Holstein"},"content":{"rendered":"<p>In Schleswig-Holstein wird ein \u201ewei\u00dfer Mobilfunkfleck\u201c aus Bundesmitteln geschlossen. Den F\u00f6rderbescheid f\u00fcr den Bau eines neuen Mobilfunkmasts in der Gemeinde Bahrenhof (Landkreis Segeberg) \u00fcbergaben Schleswig-Holsteins Wirtschaftsminister Claus Ruhe Madsen und Ernst Ferdinand Wilmsmann, Gesch\u00e4ftsf\u00fchrer der Mobilfunkinfrastrukturgesellschaft (MIG), heute in Kiel an die Vantage Towers AG. Die drei Mobilfunknetzbetreiber Telef\u00f3nica, Telekom und Vodafone haben sich gegen\u00fcber der MIG bereits vertraglich dazu verpflichtet, den neuen Mast k\u00fcnftig zu nutzen.<\/p>\n<figure id=\"attachment_1363\" aria-describedby=\"caption-attachment-1363\" style=\"width: 169px\" class=\"wp-caption alignleft\"><a href=\"https:\/\/www.lan-wan-telecom.de\/wp-content\/uploads\/2024\/12\/IMG_0342.jpeg\"><img loading=\"lazy\" decoding=\"async\" class=\"size-full wp-image-1363\" src=\"https:\/\/www.lan-wan-telecom.de\/wp-content\/uploads\/2024\/12\/IMG_0342.jpeg\" alt=\"\" width=\"169\" height=\"225\" \/><\/a><figcaption id=\"caption-attachment-1363\" class=\"wp-caption-text\">Foto v.l.: Claus Ruhe Madsen (Minister f\u00fcr Wirtschaft, Verkehr, Arbeit, Technologie und Tourismus des Landes Schleswig-Holstein), Ralf Capito (Director External Affairs, Vanatge Towers AG), Ernst Ferdinand Wilmsmann (Gesch\u00e4ftsf\u00fchrer MIG)<\/figcaption><\/figure>\n<p>Claus Ruhe Madsen, Minister f\u00fcr Wirtschaft, Verkehr, Arbeit, Technologie und Tourismus des Landes Schleswig-Holstein: &#8222;Die Aufgabe, eine wirklich fl\u00e4chendeckende Versorgung in allen Netzen herzustellen, wird nicht weniger wichtig! Ich freue mich, dass die MIG mit F\u00f6rdermitteln des Bundes diese Aufgabe unterst\u00fctzt. Der gef\u00f6rderte Mast wird nicht nur den \u201awei\u00dfen Fleck\u2018 in der N\u00e4he von Bahrenhof versorgen, sondern auch in den umliegenden Gemeinden den Mobilfunkempfang sp\u00fcrbar verbessern. Und da drei Netzbetreiber bereits zugesagt haben, diesen Mast zu nutzen, entsteht dort auch kein neuer \u201agrauer Fleck\u2018, wo man nur mit der \u201arichtigen\u2018 SIM-Karte telefonieren kann. Eine solche gemeinsame Nutzung von Standorten halte ich f\u00fcr ein zielf\u00fchrendes Modell, um die Versorgungsqualit\u00e4t in Regionen, die f\u00fcr den eigenwirtschaftlichen Mobilfunknetzausbau weniger interessant sind, auch nach dem Ende der Mobilfunkf\u00f6rderung voranzubringen.&#8220;<\/p>\n<p>MIG-Gesch\u00e4ftsf\u00fchrer Ernst Ferdinand Wilmsmann erg\u00e4nzt: \u201eSchleswig-Holstein verf\u00fcgt aufgrund der g\u00fcnstigen geografischen Bedingungen schon jetzt \u00fcber eine sehr gute Mobilfunkversorgung. Aber auch in Schleswig-Holstein haben wir den Bedarf f\u00fcr den Bau eines gef\u00f6rderten Mobilfunkmasts identifiziert, damit ein bisher noch vorhandener \u201awei\u00dfer Mobilfunkfleck\u2018 k\u00fcnftig von der Netzkarte verschwindet. Mit dem F\u00f6rderprojekt im n\u00f6rdlichsten Bundesland profitieren nun alle Fl\u00e4chenl\u00e4nder von der Mobilfunkf\u00f6rderung des Bundes, die von der MIG umgesetzt wird. Ich danke allen Beteiligten die Hand in Hand gearbeitet haben, um dieses Projekt erfolgreich voranzutreiben. Jetzt muss der neue Mast z\u00fcgig gebaut und in Betrieb genommen werden.\u201c<\/p>\n<p>Jan Peter Schr\u00f6der, Landrat des Landkreises Segeberg: \u201eIn einem Fl\u00e4chenkreis wie dem Kreis Segeberg ist eine gute Mobilfunkversorgung enorm wichtig. Daher freue ich mich, dass mit dem gef\u00f6rderten Telefonmastausbau letzte L\u00fccken geschlossen werden k\u00f6nnen und alle davon profitieren.\u201c<\/p>\n","protected":false},"excerpt":{"rendered":"<p>In Schleswig-Holstein wird ein \u201ewei\u00dfer Mobilfunkfleck\u201c aus Bundesmitteln geschlossen. Den F\u00f6rderbescheid f\u00fcr den Bau eines neuen Mobilfunkmasts in der Gemeinde Bahrenhof (Landkreis Segeberg) \u00fcbergaben Schleswig-Holsteins Wirtschaftsminister Claus Ruhe Madsen und Ernst Ferdinand Wilmsmann, Gesch\u00e4ftsf\u00fchrer der Mobilfunkinfrastrukturgesellschaft (MIG), heute in Kiel an die Vantage Towers AG. Die drei Mobilfunknetzbetreiber Telef\u00f3nica, Telekom und Vodafone haben sich gegen\u00fcber [&hellip;]<\/p>\n","protected":false},"author":1,"featured_media":0,"comment_status":"closed","ping_status":"closed","sticky":false,"template":"","format":"standard","meta":{"footnotes":""},"categories":[6,5,4],"tags":[],"class_list":["post-1362","post","type-post","status-publish","format-standard","hentry","category-firmen-news","category-networks","category-telecom"],"_links":{"self":[{"href":"https:\/\/www.lan-wan-telecom.de\/index.php\/wp-json\/wp\/v2\/posts\/1362","targetHints":{"allow":["GET"]}}],"collection":[{"href":"https:\/\/www.lan-wan-telecom.de\/index.php\/wp-json\/wp\/v2\/posts"}],"about":[{"href":"https:\/\/www.lan-wan-telecom.de\/index.php\/wp-json\/wp\/v2\/types\/post"}],"author":[{"embeddable":true,"href":"https:\/\/www.lan-wan-telecom.de\/index.php\/wp-json\/wp\/v2\/users\/1"}],"replies":[{"embeddable":true,"href":"https:\/\/www.lan-wan-telecom.de\/index.php\/wp-json\/wp\/v2\/comments?post=1362"}],"version-history":[{"count":2,"href":"https:\/\/www.lan-wan-telecom.de\/index.php\/wp-json\/wp\/v2\/posts\/1362\/revisions"}],"predecessor-version":[{"id":1365,"href":"https:\/\/www.lan-wan-telecom.de\/index.php\/wp-json\/wp\/v2\/posts\/1362\/revisions\/1365"}],"wp:attachment":[{"href":"https:\/\/www.lan-wan-telecom.de\/index.php\/wp-json\/wp\/v2\/media?parent=1362"}],"wp:term":[{"taxonomy":"category","embeddable":true,"href":"https:\/\/www.lan-wan-telecom.de\/index.php\/wp-json\/wp\/v2\/categories?post=1362"},{"taxonomy":"post_tag","embeddable":true,"href":"https:\/\/www.lan-wan-telecom.de\/index.php\/wp-json\/wp\/v2\/tags?post=1362"}],"curies":[{"name":"wp","href":"https:\/\/api.w.org\/{rel}","templated":true}]}}