{"id":1791,"date":"2025-10-01T13:52:52","date_gmt":"2025-10-01T11:52:52","guid":{"rendered":"https:\/\/www.lan-wan-telecom.de\/?p=1791"},"modified":"2025-10-01T13:52:52","modified_gmt":"2025-10-01T11:52:52","slug":"deutsche-glasfaser-studie-der-osten-ist-digital-aufgeschlossener-als-der-westen","status":"publish","type":"post","link":"https:\/\/www.lan-wan-telecom.de\/index.php\/2025\/10\/01\/deutsche-glasfaser-studie-der-osten-ist-digital-aufgeschlossener-als-der-westen\/","title":{"rendered":"Deutsche-Glasfaser-Studie: Der Osten ist digital aufgeschlossener als der Westen"},"content":{"rendered":"<p>Die Digitalisierung ist eine der zentralen Herausforderungen der kommenden Jahrzehnte. Wie diese Ver\u00e4nderungen bei den Menschen in Deutschland wahrgenommen werden, zeigt der neue Digitalklimaindex von Deutsche Glasfaser. Ein Ergebnis: Menschen in Ostdeutschland blicken der Digitalisierung deutlich gelassener entgegen als ihre westdeutschen Mitb\u00fcrger.<\/p>\n<p>Besonders auff\u00e4llig ist, dass 24,3 Prozent der Befragten in Ostdeutschland angeben, in keinem von zw\u00f6lf abgefragten Lebensbereichen Angst vor digitalen Ver\u00e4nderungen zu haben, im Vergleich zu nur 18,1 Prozent in Westdeutschland. Dies deutet auf ein insgesamt h\u00f6heres Vertrauen in die digitale Zukunft und die Ver\u00e4nderungsbereitschaft im Osten hin. Besonders im Bereich Wirtschaft und Beruf f\u00fcrchten sich die Menschen im Westen st\u00e4rker vor Ver\u00e4nderungen durch digitale Technologien: 28,9 Prozent der Westdeutschen gaben dies an, w\u00e4hrend nur 24,8 Prozent der Ostdeutschen die Digitalisierung in diesem Bereich als bedrohlich empfinden.<\/p>\n<h4>Westen sieht weniger staatliche Verantwortung bei der digitalen Transformation, der Osten mehr<\/h4>\n<p>Zudem zeigt die Studie einen unterschiedlichen Blick auf die Verantwortung des Staates bei der digitalen Transformation. 30,1 Prozent der Ostdeutschen sprechen sich daf\u00fcr aus, dass der Staat durch gesetzliche Regelungen die digitale Aus- und Weiterbildung in Unternehmen st\u00e4rker f\u00f6rdern sollte \u2013 im Westen sind es nur 24,6 Prozent. Dar\u00fcber hinaus zeigt die Umfrage, dass 64,1 Prozent der Ostdeutschen der Meinung sind, der Staat m\u00fcsse st\u00e4rker gegen Fake News und Hass\/Hetze im Netz vorgehen, was nur 61,9 Prozent der Westdeutschen fordern.\u00a0Bei der Frage nach der Digitalisierung von Bildungseinrichtungen und der Gesundheitsversorgung gibt es ebenfalls deutliche regionale Unterschiede: Menschen in Westdeutschland unterst\u00fctzen eine st\u00e4rkere Digitalisierung der Bildungseinrichtungen (38,1 Prozent) eher als die Ostdeutschen (32,2 Prozent).<\/p>\n<h4>Digitalisierung in Medizin und Pflege st\u00f6\u00dft in ganz Deutschland auf Skepsis<\/h4>\n<p>Trotz des digitalen Fortschritts stehen viele Menschen der Digitalisierung im Gesundheitsbereich weiterhin kritisch gegen\u00fcber. 53,3 Prozent der Westdeutschen und 50,6 Prozent der Ostdeutschen lehnen Diagnosen durch KI-Anwendungen sowie den zunehmenden Einsatz von Videosprechstunden ab. Auch in der Pflege \u00fcberwiegt die Zur\u00fcckhaltung: Der Einsatz von Robotern wird von 67,8 Prozent der Befragten in Westdeutschland und 65,4 Prozent in Ostdeutschland abgelehnt. Diese Zahlen zeigen: Unabh\u00e4ngig von der Region gibt es bei sensiblen Themen wie Gesundheit und Pflege nach wie vor gro\u00dfe Vorbehalte gegen\u00fcber technischen L\u00f6sungen.\u00a0Ein markantes Ergebnis liefert die Umfrage zum Thema autonomes Fahren. W\u00e4hrend nur 29,4 Prozent der Westdeutschen die Vorstellung von autonomen Fahrzeugen und Z\u00fcgen bef\u00fcrworten, sind es in Ostdeutschland ganze 37,6 Prozent, die dieser Entwicklung positiv gegen\u00fcberstehen.<\/p>\n<p>Ruben Queimano, Chief Commercial Officer bei Deutsche Glasfaser sagt: \u201eUnser erster Digitalklimaindex verdeutlicht, wie unterschiedlich die Digitalisierungswahrnehmung und die Erwartungen an die Zukunft in den verschiedenen Teilen Deutschlands sind \u2013 und wie diese Wahrnehmungen die Entwicklung einer gemeinsamen digitalen Gesellschaft beeinflussen k\u00f6nnten. Die Menschen im Osten stehen der Digitalisierung positiver gegen\u00fcber als die Menschen im Westen. Es besteht unter ihnen dabei offenkundig ein st\u00e4rkeres Bed\u00fcrfnis nach digitaler Weiterbildung als auch beim Schutz der B\u00fcrgerInnen vor Verbreitung von Hetze und Fake News.\u201d In den kommenden Wochen werden weitere Ergebnisse der Studie publiziert werden.<\/p>\n<h4>\u00dcber die Studie: Digitalklimaindex 2025<\/h4>\n<p>Der Digitalklimaindex von Deutsche Glasfaser ist eine umfassende Untersuchung zur digitalen Einstellung der deutschen Bev\u00f6lkerung in zw\u00f6lf Lebensbereichen. Media Tenor hat die Untersuchung gemeinsam mit dem Meinungsforschungsinstitut Mentefactum durchgef\u00fchrt. Im Juni 2025 wurden dazu 3.013 Menschen ab 16 Jahren in 32 deutschen Regionen in einer repr\u00e4sentativen Telefonbefragung (CATI) interviewt. Die Ergebnisse des Digitalklimaindex zeigen, wie die Menschen in Deutschland \u00fcber Chancen und Risiken der Digitalisierung sowie die Verantwortung des Staates bei diesem Thema denken. Die Studie liefert damit wertvolle Impulse f\u00fcr Politik, Wirtschaft und Gesellschaft.<\/p>\n","protected":false},"excerpt":{"rendered":"<p>Die Digitalisierung ist eine der zentralen Herausforderungen der kommenden Jahrzehnte. Wie diese Ver\u00e4nderungen bei den Menschen in Deutschland wahrgenommen werden, zeigt der neue Digitalklimaindex von Deutsche Glasfaser. Ein Ergebnis: Menschen in Ostdeutschland blicken der Digitalisierung deutlich gelassener entgegen als ihre westdeutschen Mitb\u00fcrger. Besonders auff\u00e4llig ist, dass 24,3 Prozent der Befragten in Ostdeutschland angeben, in keinem [&hellip;]<\/p>\n","protected":false},"author":1,"featured_media":0,"comment_status":"closed","ping_status":"closed","sticky":false,"template":"","format":"standard","meta":{"footnotes":""},"categories":[6,5,10,4],"tags":[],"class_list":["post-1791","post","type-post","status-publish","format-standard","hentry","category-firmen-news","category-networks","category-recht-gesetz","category-telecom"],"_links":{"self":[{"href":"https:\/\/www.lan-wan-telecom.de\/index.php\/wp-json\/wp\/v2\/posts\/1791","targetHints":{"allow":["GET"]}}],"collection":[{"href":"https:\/\/www.lan-wan-telecom.de\/index.php\/wp-json\/wp\/v2\/posts"}],"about":[{"href":"https:\/\/www.lan-wan-telecom.de\/index.php\/wp-json\/wp\/v2\/types\/post"}],"author":[{"embeddable":true,"href":"https:\/\/www.lan-wan-telecom.de\/index.php\/wp-json\/wp\/v2\/users\/1"}],"replies":[{"embeddable":true,"href":"https:\/\/www.lan-wan-telecom.de\/index.php\/wp-json\/wp\/v2\/comments?post=1791"}],"version-history":[{"count":1,"href":"https:\/\/www.lan-wan-telecom.de\/index.php\/wp-json\/wp\/v2\/posts\/1791\/revisions"}],"predecessor-version":[{"id":1792,"href":"https:\/\/www.lan-wan-telecom.de\/index.php\/wp-json\/wp\/v2\/posts\/1791\/revisions\/1792"}],"wp:attachment":[{"href":"https:\/\/www.lan-wan-telecom.de\/index.php\/wp-json\/wp\/v2\/media?parent=1791"}],"wp:term":[{"taxonomy":"category","embeddable":true,"href":"https:\/\/www.lan-wan-telecom.de\/index.php\/wp-json\/wp\/v2\/categories?post=1791"},{"taxonomy":"post_tag","embeddable":true,"href":"https:\/\/www.lan-wan-telecom.de\/index.php\/wp-json\/wp\/v2\/tags?post=1791"}],"curies":[{"name":"wp","href":"https:\/\/api.w.org\/{rel}","templated":true}]}}