{"id":1930,"date":"2026-01-12T11:40:30","date_gmt":"2026-01-12T10:40:30","guid":{"rendered":"https:\/\/www.lan-wan-telecom.de\/?p=1930"},"modified":"2026-01-12T11:43:06","modified_gmt":"2026-01-12T10:43:06","slug":"professor-martin-hoffmann-ist-neuer-vorstandsvorsitzender-der-vde-vdi-gmm","status":"publish","type":"post","link":"https:\/\/www.lan-wan-telecom.de\/index.php\/2026\/01\/12\/professor-martin-hoffmann-ist-neuer-vorstandsvorsitzender-der-vde-vdi-gmm\/","title":{"rendered":"Professor Martin Hoffmann ist neuer Vorstandsvorsitzender der VDE VDI GMM"},"content":{"rendered":"<p>Mit einem neuen Vorstand startet die VDE\/VDI Gesellschaft Mikroelektronik, Mikrosystem- und Feinwerktechnik (VDE VDI GMM) ins Jahr 2026. Neuer Vorstandsvorsitzender ist Prof. Martin Hoffmann, stellvertretende Vorsitzende bleibt Prof. Amelie Hagelauer. \u201eWir bedanken uns bei den neuen und alten Vorstandsmitgliedern f\u00fcr ihr ehrenamtliches Engagement und freuen uns auf die Zusammenarbeit mit dem neuen Vorstand\u201c, sagt Hoffmann. \u201eDie Nachwuchsgewinnung und das Sichtbarmachen der Mikroelektronik in Gesellschaft und Politik bilden die zentralen Herausforderungen dieser Amtszeit.\u201c<\/p>\n<figure id=\"attachment_1932\" aria-describedby=\"caption-attachment-1932\" style=\"width: 194px\" class=\"wp-caption alignleft\"><img loading=\"lazy\" decoding=\"async\" class=\"size-full wp-image-1932\" src=\"https:\/\/www.lan-wan-telecom.de\/wp-content\/uploads\/2026\/01\/vcsPRAsset_3569804_207025_5edf67f6-b1a7-4587-a2f1-6fedf5fc0436_0.jpg\" alt=\"\" width=\"194\" height=\"122\" \/><figcaption id=\"caption-attachment-1932\" class=\"wp-caption-text\">Prof. Dr. Martin Hoffmann \u00a9 A. Wirsig \/ RUB<\/figcaption><\/figure>\n<p>Prof. Dr. Martin Hoffmann ist seit 2017 Inhaber des Lehrstuhls f\u00fcr Mikrosystemtechnik an der Ruhr-Universit\u00e4t Bochum. Er studierte an der Universit\u00e4t Dortmund (heute: Technische Universit\u00e4t Dortmund) Elektrotechnik. Dort war er auch wissenschaftlicher Mitarbeiter und bis 2003 Oberingenieur am Lehrstuhl f\u00fcr Hochfrequenztechnik. Parallel promovierte er 1996 und habilitierte 2003. Nach Stationen in der Industrie wurde er 2006 Professor am Institut f\u00fcr Mikro- und Nanotechnologien an der Technischen Universit\u00e4t Ilmenau; von 2007 bis 2012 war er dessen Direktor. 2017 folgte der Wechsel nach Bochum, wo er das BMFTR-gef\u00f6rderte \u201eForschungslabor Mikroelektronik Bochum\u201c koordiniert. Hoffmann leitet den Fachausschuss 4.7 Mikro-Nano-Integration der GMM seit seiner Gr\u00fcndung 2007 und ist Mitglied im Steuerungskomitee des MikroSystemTechnik Kongresses. Mitglied des Vorstands der VDE VDI GMM ist er seit 2023.<\/p>\n<p>Die alte und neue stellvertretende Vorsitzende der GMM, Prof. Dr. Amelie Hagelauer, ist Institutsleiterin des Fraunhofer Instituts f\u00fcr Elektronische Mikrosysteme und Festk\u00f6rper-Technologien (EMFT) und hat zeitgleich den Lehrstuhl f\u00fcr Mikro- und Nanosystemtechnik an der Technischen Universit\u00e4t M\u00fcnchen inne. Sie studierte Mechatronik an der Friedrich-Alexander-Universit\u00e4t Erlangen-N\u00fcrnberg und promovierte dort 2013 im Fachbereich Elektrotechnik. Am Lehrstuhl f\u00fcr Technische Elektronik leitete sie eine Gruppe mit 20 Doktorandinnen und Doktoranden im Bereich integrierter Schaltungstechnik. Ab 2019 war sie Professorin an der Universit\u00e4t Bayreuth, bevor im Jahr 2021 der Ruf nach M\u00fcnchen erfolgte. Mitglied im GMM Vorstand ist sie seit 2023.<\/p>\n<p>Neu in den Vorstand gew\u00e4hlt wurden Prof. Dr. Rainer Holmer (Dekan der Fakult\u00e4t Elektro- und Informationstechnik an der OTH Regensburg), Dr. Simon Armbruster (Leiter des R&amp;D-Bereichs \u201eMEMS Sensor Technology Center\u201c im Gesch\u00e4ftsbereich \u201eMobility Electronics\u201c der Robert Bosch GmbH), J\u00f6rg Doblaski (Chief Technology Officer bei X-FAB) und Dr. Peter Kanschat (Fellow \u201ePower System Integration and Packages\u201c der Division Green Industrial Power bei der Infineon Technologies AG), w\u00e4hrend Prof. Dr. Jens Anders (Leiter des Instituts f\u00fcr Intelligente Sensorik und Theoretische Elektrotechnik an der Universit\u00e4t Stuttgart) Mitglied des Vorstands bleibt.<\/p>\n","protected":false},"excerpt":{"rendered":"<p>Mit einem neuen Vorstand startet die VDE\/VDI Gesellschaft Mikroelektronik, Mikrosystem- und Feinwerktechnik (VDE VDI GMM) ins Jahr 2026. Neuer Vorstandsvorsitzender ist Prof. Martin Hoffmann, stellvertretende Vorsitzende bleibt Prof. Amelie Hagelauer. \u201eWir bedanken uns bei den neuen und alten Vorstandsmitgliedern f\u00fcr ihr ehrenamtliches Engagement und freuen uns auf die Zusammenarbeit mit dem neuen Vorstand\u201c, sagt Hoffmann. [&hellip;]<\/p>\n","protected":false},"author":1,"featured_media":0,"comment_status":"closed","ping_status":"closed","sticky":false,"template":"","format":"standard","meta":{"footnotes":""},"categories":[6],"tags":[],"class_list":["post-1930","post","type-post","status-publish","format-standard","hentry","category-firmen-news"],"_links":{"self":[{"href":"https:\/\/www.lan-wan-telecom.de\/index.php\/wp-json\/wp\/v2\/posts\/1930","targetHints":{"allow":["GET"]}}],"collection":[{"href":"https:\/\/www.lan-wan-telecom.de\/index.php\/wp-json\/wp\/v2\/posts"}],"about":[{"href":"https:\/\/www.lan-wan-telecom.de\/index.php\/wp-json\/wp\/v2\/types\/post"}],"author":[{"embeddable":true,"href":"https:\/\/www.lan-wan-telecom.de\/index.php\/wp-json\/wp\/v2\/users\/1"}],"replies":[{"embeddable":true,"href":"https:\/\/www.lan-wan-telecom.de\/index.php\/wp-json\/wp\/v2\/comments?post=1930"}],"version-history":[{"count":3,"href":"https:\/\/www.lan-wan-telecom.de\/index.php\/wp-json\/wp\/v2\/posts\/1930\/revisions"}],"predecessor-version":[{"id":1934,"href":"https:\/\/www.lan-wan-telecom.de\/index.php\/wp-json\/wp\/v2\/posts\/1930\/revisions\/1934"}],"wp:attachment":[{"href":"https:\/\/www.lan-wan-telecom.de\/index.php\/wp-json\/wp\/v2\/media?parent=1930"}],"wp:term":[{"taxonomy":"category","embeddable":true,"href":"https:\/\/www.lan-wan-telecom.de\/index.php\/wp-json\/wp\/v2\/categories?post=1930"},{"taxonomy":"post_tag","embeddable":true,"href":"https:\/\/www.lan-wan-telecom.de\/index.php\/wp-json\/wp\/v2\/tags?post=1930"}],"curies":[{"name":"wp","href":"https:\/\/api.w.org\/{rel}","templated":true}]}}