{"id":1954,"date":"2026-01-22T13:30:56","date_gmt":"2026-01-22T12:30:56","guid":{"rendered":"https:\/\/www.lan-wan-telecom.de\/?p=1954"},"modified":"2026-01-22T13:30:56","modified_gmt":"2026-01-22T12:30:56","slug":"christoph-kutter-ist-neuer-praesident-des-vde","status":"publish","type":"post","link":"https:\/\/www.lan-wan-telecom.de\/index.php\/2026\/01\/22\/christoph-kutter-ist-neuer-praesident-des-vde\/","title":{"rendered":"Christoph Kutter ist neuer Pr\u00e4sident des VDE"},"content":{"rendered":"<p>Neuer Pr\u00e4sident des VDE Verband der Elektrotechnik Elektronik Informationstechnik e.V. ist Prof. Dr. Christoph Kutter. Der Direktor des Fraunhofer EMFT \u00fcbernimmt das Amt des bisherigen VDE Pr\u00e4sidenten Alf Hendryk Wulf, dessen Stellvertreter er in den vergangenen zwei Jahren bereits war. \u201eDer VDE steht f\u00fcr eine zukunftszugewandte Technikfreundlichkeit, die wir neu und sichtbar mit Leben f\u00fcllen wollen\u201c, sagt Christoph Kutter. \u201eUnsere Begeisterung f\u00fcr Elektro- und Informationstechnik ist der Motor, der Ingenieurinnen und Ingenieure seit \u00fcber 125 Jahren antreibt \u2013 und genau diese Leidenschaft m\u00f6chte ich st\u00e4rken und in die Gesellschaft tragen.&#8220;<\/p>\n<h4>Junge Menschen im Fokus<\/h4>\n<p>Zu den Schwerpunkten seiner Amtszeit sagt Kutter: \u201eEin besonderer Fokus liegt f\u00fcr mich darauf, junge Menschen f\u00fcr den VDE zu gewinnen und sie langfristig zu begleiten \u2013 vom Studium \u00fcber den Berufseinstieg bis in die Phase der eigenen fachlichen Entfaltung. Wir wollen der Ort sein, an dem technische Neugier, verantwortungsvolle Innovation und pers\u00f6nliches Wachstum zusammenkommen.\u201c<\/p>\n<p>Christoph Kutter ist seit Juli 2012 Direktor des Fraunhofer-Instituts f\u00fcr Elektronische Mikrosysteme und Festk\u00f6rper-Technologien (EMFT), einem Institut der Forschungsfabrik Mikroelektronik Deutschland (FMD). Seine Schwerpunkte dort sind Siliziumtechnologien, MEMS (Micro-Electro-Mechanical Systems), flexible Elektronik, Biosystemintegration und heterogene Integration verschiedener Festk\u00f6rpertechnologien. Daneben hat er die Professur f\u00fcr Polytronische Systeme an der Universit\u00e4t der Bundeswehr M\u00fcnchen inne. Von 1995 bis 2012 war Christoph Kutter in verschiedenen F\u00fchrungspositionen bei der Infineon Technologies AG und der Siemens AG t\u00e4tig, unter anderem als Leiter der Entwicklung von Kommunikationsprodukten, der Chipkarte und der zentralen Forschung. Christoph Kutter war verantwortlich f\u00fcr mehrere zentrale Verbesserungsprojekte zur Steigerung der Effizienz in Forschung und Entwicklung sowie f\u00fcr die Leitung der unternehmensweiten Innovationsinitiative. Von 1990 bis 1995 arbeitete Christoph Kutter als Forschungswissenschaftler im Hochmagnetfeldlabor (Max-Planck-Institut f\u00fcr Festk\u00f6rperphysik) in Grenoble, Frankreich.<\/p>\n<figure id=\"attachment_1955\" aria-describedby=\"caption-attachment-1955\" style=\"width: 206px\" class=\"wp-caption alignleft\"><img loading=\"lazy\" decoding=\"async\" class=\"wp-image-1955\" src=\"https:\/\/www.lan-wan-telecom.de\/wp-content\/uploads\/2026\/01\/Christoph-Kutter-\u00a9-Fraunhofer-EMFT-Bernd-Mueller.jpg\" alt=\"\" width=\"206\" height=\"137\" srcset=\"https:\/\/www.lan-wan-telecom.de\/wp-content\/uploads\/2026\/01\/Christoph-Kutter-\u00a9-Fraunhofer-EMFT-Bernd-Mueller.jpg 750w, https:\/\/www.lan-wan-telecom.de\/wp-content\/uploads\/2026\/01\/Christoph-Kutter-\u00a9-Fraunhofer-EMFT-Bernd-Mueller-300x200.jpg 300w\" sizes=\"auto, (max-width: 206px) 100vw, 206px\" \/><figcaption id=\"caption-attachment-1955\" class=\"wp-caption-text\">Christoph Kutter &#8211; \u00a9 Fraunhofer EMFT \/ Bernd M\u00fcller<\/figcaption><\/figure>\n<p>Christoph Kutter studierte Physik an der Technischen Universit\u00e4t M\u00fcnchen und promovierte zum Dr. rer. nat. an der Universit\u00e4t Konstanz. Christoph Kutter ist Mitglied von acatech und der Berlin-Brandenburgische Akademie der Wissenschaften (BBAW). Seit 2024 war er stellvertretender VDE Pr\u00e4sident.<\/p>\n<h4>Augenmerk auf Mikroelektronik der Zukunft<\/h4>\n<p>Seine wissenschaftlichen Schwerpunkte m\u00f6chte Christoph Kutter auch als Pr\u00e4sident des VDE voranbringen: \u201eDas Augenmerk in meiner Pr\u00e4sidentschaft wird auf der Mikroelektronik der Zukunft liegen\u201c, sagt er. \u201eDer VDE stellt die Mikroelektronik als strategische Schl\u00fcsseltechnologie immer schon in den Vordergrund. Sie ist das Nervensystem der Digitalisierung, der Energiewende und der Mobilit\u00e4t von morgen. Deutschland und Europa brauchen hier St\u00e4rke, Souver\u00e4nit\u00e4t und Mut \u2013 und der VDE wird seinen Beitrag leisten, diese Zukunft aktiv mitzugestalten.\u201c<\/p>\n<p>Christoph Kutters Vorg\u00e4nger als VDE Pr\u00e4sident, Alf Hendryk Wulf, ist zugleich sein Nachfolger als stellvertretender VDE Pr\u00e4sident. Wulf ist Aufsichtsrat und Beirat in verschiedenen Unternehmen der IT, Telekommunikation, Software, Elektrotechnik, Energie- und Rohstoff-Branche. Nach dem Studium der Elektrotechnik an der Technischen Universit\u00e4t M\u00fcnchen begann er 1991 seine berufliche T\u00e4tigkeit bei der Alcatel SEL AG, wo er 2003 zum Mitglied des Vorstandes berufen wurde und 2009 den Vorstandsvorsitz \u00fcbernahm. 2012 wechselte er zur Alstom Deutschland AG, 2015 zur GE Power AG, jeweils als Vorsitzender des Vorstandes. Er leitet das Hi-Tech-Netzwerk BWCon in Baden-W\u00fcrttemberg und ist Mitglied des Beirates der Goethe-Gesellschaft in Weimar. Nach einer ersten Amtszeit 2011 und 2012 war Wulf seit 2023 zum zweiten Mal VDE Pr\u00e4sident.<\/p>\n","protected":false},"excerpt":{"rendered":"<p>Neuer Pr\u00e4sident des VDE Verband der Elektrotechnik Elektronik Informationstechnik e.V. ist Prof. Dr. Christoph Kutter. Der Direktor des Fraunhofer EMFT \u00fcbernimmt das Amt des bisherigen VDE Pr\u00e4sidenten Alf Hendryk Wulf, dessen Stellvertreter er in den vergangenen zwei Jahren bereits war. \u201eDer VDE steht f\u00fcr eine zukunftszugewandte Technikfreundlichkeit, die wir neu und sichtbar mit Leben f\u00fcllen [&hellip;]<\/p>\n","protected":false},"author":1,"featured_media":0,"comment_status":"closed","ping_status":"closed","sticky":false,"template":"","format":"standard","meta":{"footnotes":""},"categories":[6],"tags":[],"class_list":["post-1954","post","type-post","status-publish","format-standard","hentry","category-firmen-news"],"_links":{"self":[{"href":"https:\/\/www.lan-wan-telecom.de\/index.php\/wp-json\/wp\/v2\/posts\/1954","targetHints":{"allow":["GET"]}}],"collection":[{"href":"https:\/\/www.lan-wan-telecom.de\/index.php\/wp-json\/wp\/v2\/posts"}],"about":[{"href":"https:\/\/www.lan-wan-telecom.de\/index.php\/wp-json\/wp\/v2\/types\/post"}],"author":[{"embeddable":true,"href":"https:\/\/www.lan-wan-telecom.de\/index.php\/wp-json\/wp\/v2\/users\/1"}],"replies":[{"embeddable":true,"href":"https:\/\/www.lan-wan-telecom.de\/index.php\/wp-json\/wp\/v2\/comments?post=1954"}],"version-history":[{"count":1,"href":"https:\/\/www.lan-wan-telecom.de\/index.php\/wp-json\/wp\/v2\/posts\/1954\/revisions"}],"predecessor-version":[{"id":1956,"href":"https:\/\/www.lan-wan-telecom.de\/index.php\/wp-json\/wp\/v2\/posts\/1954\/revisions\/1956"}],"wp:attachment":[{"href":"https:\/\/www.lan-wan-telecom.de\/index.php\/wp-json\/wp\/v2\/media?parent=1954"}],"wp:term":[{"taxonomy":"category","embeddable":true,"href":"https:\/\/www.lan-wan-telecom.de\/index.php\/wp-json\/wp\/v2\/categories?post=1954"},{"taxonomy":"post_tag","embeddable":true,"href":"https:\/\/www.lan-wan-telecom.de\/index.php\/wp-json\/wp\/v2\/tags?post=1954"}],"curies":[{"name":"wp","href":"https:\/\/api.w.org\/{rel}","templated":true}]}}