{"id":2051,"date":"2026-03-11T14:50:40","date_gmt":"2026-03-11T13:50:40","guid":{"rendered":"https:\/\/www.lan-wan-telecom.de\/?p=2051"},"modified":"2026-03-11T14:50:40","modified_gmt":"2026-03-11T13:50:40","slug":"kritis-tage-2026-informieren-ueber-sicherheit-und-hochverfuegbarkeit-fuer-kritische-infrastrukturen","status":"publish","type":"post","link":"https:\/\/www.lan-wan-telecom.de\/index.php\/2026\/03\/11\/kritis-tage-2026-informieren-ueber-sicherheit-und-hochverfuegbarkeit-fuer-kritische-infrastrukturen\/","title":{"rendered":"KRITIS-Tage 2026 informieren \u00fcber Sicherheit und Hochverf\u00fcgbarkeit f\u00fcr kritische Infrastrukturen"},"content":{"rendered":"<p>Die erfolgreiche Veranstaltungsreihe \u201eKRITIS-Tage\u201c geht auch 2026 weiter und bietet Sicherheitsverantwortlichen, Beratern, Planern und Facherrichtern aktuelles Fachwissen rund um den Schutz kritischer Infrastrukturen und NIS-2-Einrichtungen. Die erste Veranstaltung findet am 14. April 2026 in Mainz statt, im Juni folgt ein weiteres Event in Frankreich.<\/p>\n<p>Die KRITIS-Tage 2026 thematisieren unter dem Motto \u201eInformiert in die Zukunft: Sicherheit und Hochverf\u00fcgbarkeit f\u00fcr kritische Infrastrukturen\u201c aktuelle Herausforderungen und Anforderungen aus Technik, Recht und Praxis. Experten informieren \u00fcber den Stand gesetzlicher Vorgaben \u2013 wie etwa der NIS-2-Richtlinie und dem deutschen KRITIS-Dachgesetz \u2013 und geben praxisnahe Einblicke in Best Practices zur physischen und digitalen Sicherheit kritischer Infrastrukturen und von NIS-2-Einrichtungen.<\/p>\n<p>Veranstaltet wird die Reihe erneut von Advancis, barox, Commend, Dallmeier electronic und Schneider Intercom. Zus\u00e4tzlich mit dabei sind die Wirtschaftskanzlei Noerr sowie Michael Schenkelberg, Vorstandsmitglied des VfS. So wird das Programm durch spannende Vortr\u00e4ge von juristischen und wirtschaftlichen Fachleuten erg\u00e4nzt.<\/p>\n<h4>Informieren und austauschen<\/h4>\n<p>Die KRITIS-Tage 2026 finden am 14. April in Mainz im ZDF Konferenzzentrum statt, zus\u00e4tzlich wird es im Juni einen Termin in Frankreich geben (Datum und Ort werden noch bekannt gegeben). Teilnehmende erwartet ein ganzt\u00e4giges Programm mit fundierten Vortr\u00e4gen, vielf\u00e4ltigen Gelegenheiten zum fachlichen Austausch und einem attraktiven Rahmenprogramm. Wer sich \u00fcber aktuelle regulatorische Entwicklungen und technische L\u00f6sungsans\u00e4tze f\u00fcr mehr Resilienz auf dem Laufenden halten und sich mit anderen Fachverantwortlichen vernetzen m\u00f6chte, findet auf den KRITIS-Tagen 2026 die ideale Plattform daf\u00fcr.<\/p>\n<p>Veranstaltungsorte<\/p>\n<p>14. April 2026: Mainz, ZDF Konferenzzentrum (Deutschland)<\/p>\n<p>Juni 2026: Frankreich (Ort wird noch bekannt gegeben)<\/p>\n<p>Die Agenda sowie die Referentinnen und Referenten sind unter <a href=\"https:\/\/www.kritis-tage.de\/\" target=\"_blank\" rel=\"noopener\">https:\/\/www.kritis-tage.de\/<\/a> einsehbar. Auch die Anmeldung ist dort schnell und unkompliziert m\u00f6glich.<\/p>\n","protected":false},"excerpt":{"rendered":"<p>Die erfolgreiche Veranstaltungsreihe \u201eKRITIS-Tage\u201c geht auch 2026 weiter und bietet Sicherheitsverantwortlichen, Beratern, Planern und Facherrichtern aktuelles Fachwissen rund um den Schutz kritischer Infrastrukturen und NIS-2-Einrichtungen. Die erste Veranstaltung findet am 14. April 2026 in Mainz statt, im Juni folgt ein weiteres Event in Frankreich. Die KRITIS-Tage 2026 thematisieren unter dem Motto \u201eInformiert in die Zukunft: [&hellip;]<\/p>\n","protected":false},"author":1,"featured_media":0,"comment_status":"closed","ping_status":"closed","sticky":false,"template":"","format":"standard","meta":{"footnotes":""},"categories":[6,10,11],"tags":[],"class_list":["post-2051","post","type-post","status-publish","format-standard","hentry","category-firmen-news","category-recht-gesetz","category-security"],"_links":{"self":[{"href":"https:\/\/www.lan-wan-telecom.de\/index.php\/wp-json\/wp\/v2\/posts\/2051","targetHints":{"allow":["GET"]}}],"collection":[{"href":"https:\/\/www.lan-wan-telecom.de\/index.php\/wp-json\/wp\/v2\/posts"}],"about":[{"href":"https:\/\/www.lan-wan-telecom.de\/index.php\/wp-json\/wp\/v2\/types\/post"}],"author":[{"embeddable":true,"href":"https:\/\/www.lan-wan-telecom.de\/index.php\/wp-json\/wp\/v2\/users\/1"}],"replies":[{"embeddable":true,"href":"https:\/\/www.lan-wan-telecom.de\/index.php\/wp-json\/wp\/v2\/comments?post=2051"}],"version-history":[{"count":1,"href":"https:\/\/www.lan-wan-telecom.de\/index.php\/wp-json\/wp\/v2\/posts\/2051\/revisions"}],"predecessor-version":[{"id":2052,"href":"https:\/\/www.lan-wan-telecom.de\/index.php\/wp-json\/wp\/v2\/posts\/2051\/revisions\/2052"}],"wp:attachment":[{"href":"https:\/\/www.lan-wan-telecom.de\/index.php\/wp-json\/wp\/v2\/media?parent=2051"}],"wp:term":[{"taxonomy":"category","embeddable":true,"href":"https:\/\/www.lan-wan-telecom.de\/index.php\/wp-json\/wp\/v2\/categories?post=2051"},{"taxonomy":"post_tag","embeddable":true,"href":"https:\/\/www.lan-wan-telecom.de\/index.php\/wp-json\/wp\/v2\/tags?post=2051"}],"curies":[{"name":"wp","href":"https:\/\/api.w.org\/{rel}","templated":true}]}}