{"id":85,"date":"2021-06-02T16:10:01","date_gmt":"2021-06-02T14:10:01","guid":{"rendered":"https:\/\/www.lan-wan-telecom.de\/index.php\/2021\/06\/02\/keine-schnelle-internetperspektive-fuer-hunderttausende-haushalte\/"},"modified":"2021-06-02T16:10:01","modified_gmt":"2021-06-02T14:10:01","slug":"keine-schnelle-internetperspektive-fuer-hunderttausende-haushalte","status":"publish","type":"post","link":"https:\/\/www.lan-wan-telecom.de\/index.php\/2021\/06\/02\/keine-schnelle-internetperspektive-fuer-hunderttausende-haushalte\/","title":{"rendered":"Keine schnelle Internetperspektive f\u00fcr Hunderttausende Haushalte"},"content":{"rendered":"<p>Die von Bundesminister Scheuer im Januar versprochene schnelle und unb\u00fcrokratische F\u00f6rderung von schnellen Internetanschl\u00fcssen f\u00fcr Hunderttausende Haushalte via Satellit ist in ihrer jetzigen Form weit hinter den Erwartungen geblieben. Diese bietet f\u00fcr 99 Prozent der von langsamen Internetdiensten betroffenen \u00fcber eine Million Menschen in den kommenden f\u00fcnf bis zehn Jahren keinerlei Perspektiven. Die versprochene Ma\u00dfnahme wurde jetzt als \u201eDigitalisierungszuschuss\u201c offensichtlich aufgrund von vermeintlichen Sparma\u00dfnahmen in die sogenannte Graue-Flecken-F\u00f6rderung eingebettet, was die urspr\u00fcngliche Intention ad absurdum f\u00fchrt. Dadurch werden Satellitenanschl\u00fcsse Teil des sehr b\u00fcrokratischen und langwierigen Breitbandf\u00f6rderungsprozesses und k\u00e4men nach dieser neuen Richtlinie nur noch als Dauerl\u00f6sung f\u00fcr die ca. 2.000-3.000 extremen Einzellagen infrage, f\u00fcr die die Glasfaser ohnehin niemals kommen wird.<\/p>\n<p>In der urspr\u00fcnglichen Form w\u00e4re der Satellitenvoucher in H\u00f6he von 500 \u20ac eine \u00e4u\u00dferst sinnvolle und g\u00fcnstige Ma\u00dfnahme f\u00fcr 200.000 Haushalte gewesen, die kurzfristig allen B\u00fcrgern unabh\u00e4ngig vom Wohnort eine digitale Teilhabe erm\u00f6glicht h\u00e4tte, bis der langersehnte Glasfaserausbau in f\u00fcnf bis zehn oder mehr Jahren tats\u00e4chlich kommt. Die von langsamen Internetzug\u00e4ngen vor allem im l\u00e4ndlichen Raum betroffenen Haushalte werden damit nach Ansicht des Anbieters Eusanet in der Realit\u00e4t von der Bundesregierung im Stich gelassen.<\/p>\n","protected":false},"excerpt":{"rendered":"<p>Die von Bundesminister Scheuer im Januar versprochene schnelle und unb\u00fcrokratische F\u00f6rderung von schnellen Internetanschl\u00fcssen f\u00fcr Hunderttausende Haushalte via Satellit ist in ihrer jetzigen Form weit hinter den Erwartungen geblieben. Diese bietet f\u00fcr 99 Prozent der von langsamen Internetdiensten betroffenen \u00fcber eine Million Menschen in den kommenden f\u00fcnf bis zehn Jahren keinerlei Perspektiven. Die versprochene Ma\u00dfnahme [&hellip;]<\/p>\n","protected":false},"author":1,"featured_media":0,"comment_status":"open","ping_status":"open","sticky":false,"template":"","format":"standard","meta":{"footnotes":""},"categories":[4],"tags":[],"class_list":["post-85","post","type-post","status-publish","format-standard","hentry","category-telecom"],"_links":{"self":[{"href":"https:\/\/www.lan-wan-telecom.de\/index.php\/wp-json\/wp\/v2\/posts\/85","targetHints":{"allow":["GET"]}}],"collection":[{"href":"https:\/\/www.lan-wan-telecom.de\/index.php\/wp-json\/wp\/v2\/posts"}],"about":[{"href":"https:\/\/www.lan-wan-telecom.de\/index.php\/wp-json\/wp\/v2\/types\/post"}],"author":[{"embeddable":true,"href":"https:\/\/www.lan-wan-telecom.de\/index.php\/wp-json\/wp\/v2\/users\/1"}],"replies":[{"embeddable":true,"href":"https:\/\/www.lan-wan-telecom.de\/index.php\/wp-json\/wp\/v2\/comments?post=85"}],"version-history":[{"count":0,"href":"https:\/\/www.lan-wan-telecom.de\/index.php\/wp-json\/wp\/v2\/posts\/85\/revisions"}],"wp:attachment":[{"href":"https:\/\/www.lan-wan-telecom.de\/index.php\/wp-json\/wp\/v2\/media?parent=85"}],"wp:term":[{"taxonomy":"category","embeddable":true,"href":"https:\/\/www.lan-wan-telecom.de\/index.php\/wp-json\/wp\/v2\/categories?post=85"},{"taxonomy":"post_tag","embeddable":true,"href":"https:\/\/www.lan-wan-telecom.de\/index.php\/wp-json\/wp\/v2\/tags?post=85"}],"curies":[{"name":"wp","href":"https:\/\/api.w.org\/{rel}","templated":true}]}}